[{"@context":"https:\/\/schema.org\/","@type":"Article","@id":"https:\/\/www.capacz.cz\/hura-jaro-je-tady\/#Article","mainEntityOfPage":"https:\/\/www.capacz.cz\/hura-jaro-je-tady\/","headline":"Hur\u00e1! Jaro je tady","name":"Hur\u00e1! Jaro je tady","description":"Jaro! Jaro! Jaro je tady! A vyb\u00edz\u00ed k velk\u00e9 spoust\u011b aktivit, o kter\u00e9 by va\u0161e ratolest ale rozhodn\u011b nem\u011bla p\u0159ij\u00edt? &#13; \u0160kola v p\u0159\u00edrod\u011b&#13; Pokud \u0161kola va\u0161eho d\u00edt\u011bte nab\u00edz\u00ed, nev\u00e1hejte! Je to fajn mo\u017enost,&#46;&#46;&#46;","datePublished":"2023-04-29","dateModified":"2023-04-29","author":{"@type":"Person","@id":"https:\/\/www.capacz.cz\/author\/#Person","name":"capacz.cz\n","url":"https:\/\/www.capacz.cz\/author\/","identifier":1,"image":{"@type":"ImageObject","@id":"https:\/\/secure.gravatar.com\/avatar\/7b822bed19dfbc78d1cf42b3649cc2489d12c54b7aef64ae719c01ed9f13d563?s=96&d=mm&r=g","url":"https:\/\/secure.gravatar.com\/avatar\/7b822bed19dfbc78d1cf42b3649cc2489d12c54b7aef64ae719c01ed9f13d563?s=96&d=mm&r=g","height":96,"width":96}},"publisher":{"@type":"Organization","name":"capacz.cz","logo":{"@type":"ImageObject","@id":"\/logo.png","url":"\/logo.png","width":600,"height":60}},"url":"https:\/\/www.capacz.cz\/hura-jaro-je-tady\/","about":["D\u011bti"],"wordCount":536,"articleBody":"Jaro! Jaro! Jaro je tady! A vyb\u00edz\u00ed k velk\u00e9 spoust\u011b aktivit, o kter\u00e9 by va\u0161e ratolest ale rozhodn\u011b nem\u011bla p\u0159ij\u00edt?&#13; \u0160kola v p\u0159\u00edrod\u011b&#13; Pokud \u0161kola va\u0161eho d\u00edt\u011bte nab\u00edz\u00ed, nev\u00e1hejte! Je to fajn mo\u017enost, jak m\u016f\u017ee va\u0161e d\u00edt\u011b poznat u\u010ditelku taky v jin\u00e9m prost\u0159ed\u00ed ne\u017e jen ve \u0161kole. Ale to nen\u00ed zdaleka hlavn\u00ed d\u016fvod, pro\u010d by d\u011bti nem\u011bly o tento z\u00e1\u017eitek p\u0159ij\u00edt. \u0160koly v p\u0159\u00edrod\u011b jsou nyn\u00ed u\u017e \u010dasto koncipov\u00e1ny tak, \u017ee \u0161kola najme profesion\u00e1ln\u00ed instruktory, kte\u0159\u00ed si pro d\u011bti p\u0159iprav\u00ed z\u00e1bavn\u00fd program.&#13; \u010c\u00edm d\u00e1l v\u00edc se zvy\u0161uje po\u010det d\u011bt\u00ed, kter\u00e9 nikdy nevid\u011bly les nebo nebyly v de\u0161ti venku, tak\u017ee takov\u00fd t\u00fdden v p\u0159\u00edrod\u011b pro n\u011b m\u016f\u017ee b\u00fdt nezapomenuteln\u00fd z\u00e1\u017eitek! Hlavn\u011b nezapome\u0148te, \u017ee d\u011bti nebudou tr\u00e1vit \u010das v t\u011blocvi\u010dn\u011b a budou umazan\u00e9 a mokr\u00e9, a proto jim nezapome\u0148te p\u0159ibalit gum\u00e1ky, pl\u00e1\u0161t\u011bnku a sportovn\u00ed oble\u010den\u00ed.&#13; V\u00fdlety&#13; V\u00fdlety jsou pro mnoho z n\u00e1s samoz\u0159ejmost\u00ed, ale v dne\u0161n\u00ed usp\u011bchan\u00e9 dob\u011b se na n\u011b \u010dasto zapom\u00edn\u00e1. Sbalte d\u011bti a vyrazte s nimi n\u011bkam na v\u00fdlet. Vyu\u017eijte toho, \u017ee zat\u00edm neza\u010dala turistick\u00e1 sez\u00f3na a nav\u0161tivte zaj\u00edmav\u00e1 m\u011bsta, kter\u00e1 je\u0161t\u011b nebudou rozp\u00e1len\u00e1 letn\u00edm horkem a v\u0161ude nebudou davy turist\u016f, pro v\u00e1s i d\u011bti to bude ur\u010dit\u011b zaj\u00edmav\u011bj\u0161\u00ed. V zoologick\u00fdch zahrad\u00e1ch b\u00fdv\u00e1 na ja\u0159e taky spousta novorozen\u00fdch ml\u00e1\u010fat a n\u011bkter\u00e9 zahrady umo\u017e\u0148uj\u00ed nahl\u00e9dnout do porodn\u00edch box\u016f prost\u0159ednictv\u00edm kamer. Ide\u00e1ln\u00ed je taky vyrazit do p\u0159\u00edrody na t\u00faru \u2013 op\u011bt je to mnohem p\u0159\u00edjemn\u011bj\u0161\u00ed absolvovat na ja\u0159e ne\u017e v l\u00e9t\u011b, kdy je na turistick\u00fdch tras\u00e1ch plno turist\u016f, kte\u0159\u00ed se mo\u0159\u00ed dusiv\u00fdm vedrem.&#13; Nebojte se de\u0161t\u011b&#13; Obl\u00edben\u00e1 z\u00e1bava mal\u00fdch d\u011bt\u00ed, za kterou jsou v drtiv\u00e9 v\u011bt\u0161in\u011b p\u0159\u00edpad\u016f k\u00e1r\u00e1ny. Ud\u011blejte d\u011btem radost, oble\u010dte je do gum\u00e1k\u016f a pl\u00e1\u0161t\u011bnky b\u011bhem jarn\u00edho de\u0161t\u011b nebo t\u011bsn\u011b po n\u011bm ven. Copak vy jste si jako d\u011bti neu\u017e\u00edvali, rodi\u010di nezpozorovan\u00fd, skok do ka\u017ed\u00e9 bahnit\u00e9 lou\u017ee? Pokud d\u011btem vysv\u011btl\u00edte, \u017ee takov\u00e1 z\u00e1bava p\u0159ipad\u00e1 v \u00favahu jedin\u011b s n\u00e1le\u017eit\u00fdm vybaven\u00edm, nen\u00ed na tom nic \u0161patn\u00e9ho.&#13; Po\u0159i\u010fte si kolob\u011b\u017ekyPosledn\u00ed m\u00f3dou jsou kolob\u011b\u017eky. J\u00edzda na nich nen\u00ed pro mnoh\u00e9 tolik n\u00e1ro\u010dn\u00e1 jako j\u00edzda na kole a jde sp\u00ed\u0161e o z\u00e1bavu. Kolob\u011b\u017eku si m\u016f\u017ee po\u0159\u00eddit cel\u00e1 rodina a spole\u010dn\u011b tak m\u016f\u017eete vyrazit na v\u00fdlet nap\u0159\u00edklad k n\u011bjak\u00e9mu dostupn\u00e9mu zaj\u00edmav\u00e9ho m\u00edstu. Kolob\u011b\u017eky nav\u00edc snadno nalo\u017e\u00edte do auta, vlaku \u010di autobusu \u2013 v\u011bt\u0161\u00ed d\u00edt\u011b svoji kolob\u011b\u017eku toti\u017e bez probl\u00e9mu unese.                                                                                                                                                                                                                                                                                                                                                                                        4\/5 - (6 votes)        "},{"@context":"https:\/\/schema.org\/","@type":"BreadcrumbList","itemListElement":[{"@type":"ListItem","position":1,"name":"Hur\u00e1! Jaro je tady","item":"https:\/\/www.capacz.cz\/hura-jaro-je-tady\/#breadcrumbitem"}]}]